{"id":51203,"date":"2023-06-07T08:42:26","date_gmt":"2023-06-07T06:42:26","guid":{"rendered":"https:\/\/www.jobsqd.com\/kandidatens-berattelse-imad-fran-frankrike-bosatt-i-amsterdam"},"modified":"2025-01-23T22:13:00","modified_gmt":"2025-01-23T21:13:00","slug":"kandidatens-berattelse-imad-fran-frankrike-bosatt-i-amsterdam","status":"publish","type":"post","link":"https:\/\/www.jobsqd.com\/sv\/kandidatens-berattelse-imad-fran-frankrike-bosatt-i-amsterdam\/","title":{"rendered":"Kandidatens ber\u00e4ttelse: Imad fr\u00e5n Frankrike, bosatt i Amsterdam"},"content":{"rendered":"\n<figure class=\"wp-block-image aligncenter size-full is-resized\"><img fetchpriority=\"high\" decoding=\"async\" width=\"960\" height=\"540\" src=\"https:\/\/www.jobsqd.com\/wp-content\/uploads\/2023\/06\/image-16-1.jpg\" alt=\"\" class=\"wp-image-44156\" style=\"width:150px\" srcset=\"https:\/\/www.jobsqd.com\/wp-content\/uploads\/2023\/06\/image-16-1.jpg 960w, https:\/\/www.jobsqd.com\/wp-content\/uploads\/2023\/06\/image-16-1-300x169.jpg 300w, https:\/\/www.jobsqd.com\/wp-content\/uploads\/2023\/06\/image-16-1-768x432.jpg 768w\" sizes=\"(max-width: 960px) 100vw, 960px\" \/><\/figure>\n\n<div class=\"wp-block-group is-layout-constrained wp-block-group-is-layout-constrained\">\n<div class=\"wp-block-group is-layout-constrained wp-block-group-is-layout-constrained\">\n<p>S\u00e5 jag \u00e4r 24 och jag kom till Amsterdam ensam f\u00f6r k\u00e4rleken till staden och alla m\u00f6jligheter som denna stad kan ge oss. Det \u00e4r vackert och m\u00e4nniskorna h\u00e4r \u00e4r s\u00e5 s\u00f6ta och hj\u00e4lpsamma! <\/p>\n\n\n\n<p>F\u00f6r n\u00e5gon som vill jobba med kommunikation och design \u00e4r du p\u00e5 den b\u00e4sta platsen n\u00e5gonsin, s\u00e5 m\u00e5nga olika jobb och det jag hamnade i ger mig s\u00e5 m\u00e5nga olika m\u00f6jligheter f\u00f6r min framtid. -Jag \u00e4r v\u00e4ldigt glad att jag gjorde det! <\/p>\n\n\n\n<p>Om du vill komma hit se till att spara pengar f\u00f6r n\u00e4r du b\u00f6rjar bo h\u00e4r har du mycket att betala, som du inte t\u00e4nker p\u00e5 i f\u00f6rv\u00e4g, som en deposition f\u00f6r en l\u00e4genhet, ett nytt transportkort och alla saker du bara normalt har i hush\u00e5llet, som du beh\u00f6ver k\u00f6pa igen.<\/p>\n\n\n\n<p>Men l\u00e5t det inte skr\u00e4mma dig! -G\u00f6r det, om du vill chansa p\u00e5 dig sj\u00e4lv! <\/p>\n<\/div>\n<\/div>\n","protected":false},"excerpt":{"rendered":"<p>S\u00e5 jag \u00e4r 24 och jag kom till Amsterdam ensam f\u00f6r k\u00e4rleken till staden och alla m\u00f6jligheter som denna stad&#8230;<\/p>\n","protected":false},"author":3,"featured_media":51204,"comment_status":"closed","ping_status":"closed","sticky":false,"template":"","format":"standard","meta":{"footnotes":""},"categories":[180],"tags":[],"class_list":["post-51203","post","type-post","status-publish","format-standard","has-post-thumbnail","hentry","category-relocation"],"_links":{"self":[{"href":"https:\/\/www.jobsqd.com\/sv\/wp-json\/wp\/v2\/posts\/51203","targetHints":{"allow":["GET"]}}],"collection":[{"href":"https:\/\/www.jobsqd.com\/sv\/wp-json\/wp\/v2\/posts"}],"about":[{"href":"https:\/\/www.jobsqd.com\/sv\/wp-json\/wp\/v2\/types\/post"}],"author":[{"embeddable":true,"href":"https:\/\/www.jobsqd.com\/sv\/wp-json\/wp\/v2\/users\/3"}],"replies":[{"embeddable":true,"href":"https:\/\/www.jobsqd.com\/sv\/wp-json\/wp\/v2\/comments?post=51203"}],"version-history":[{"count":0,"href":"https:\/\/www.jobsqd.com\/sv\/wp-json\/wp\/v2\/posts\/51203\/revisions"}],"wp:featuredmedia":[{"embeddable":true,"href":"https:\/\/www.jobsqd.com\/sv\/wp-json\/wp\/v2\/media\/51204"}],"wp:attachment":[{"href":"https:\/\/www.jobsqd.com\/sv\/wp-json\/wp\/v2\/media?parent=51203"}],"wp:term":[{"taxonomy":"category","embeddable":true,"href":"https:\/\/www.jobsqd.com\/sv\/wp-json\/wp\/v2\/categories?post=51203"},{"taxonomy":"post_tag","embeddable":true,"href":"https:\/\/www.jobsqd.com\/sv\/wp-json\/wp\/v2\/tags?post=51203"}],"curies":[{"name":"wp","href":"https:\/\/api.w.org\/{rel}","templated":true}]}}