{"id":51145,"date":"2023-06-07T08:19:32","date_gmt":"2023-06-07T06:19:32","guid":{"rendered":"https:\/\/www.jobsqd.com\/kandidatens-berattelse-fred-fran-sverige-bosatt-i-dublin"},"modified":"2025-01-23T16:19:45","modified_gmt":"2025-01-23T15:19:45","slug":"kandidatens-berattelse-fred-fran-sverige-bosatt-i-dublin","status":"publish","type":"post","link":"https:\/\/www.jobsqd.com\/sv\/kandidatens-berattelse-fred-fran-sverige-bosatt-i-dublin\/","title":{"rendered":"Kandidatens ber\u00e4ttelse: Fred fr\u00e5n Sverige, bosatt i Dublin"},"content":{"rendered":"\n<div class=\"wp-block-group is-layout-constrained wp-block-group-is-layout-constrained\">\n<div class=\"wp-block-group is-layout-constrained wp-block-group-is-layout-constrained\">\n<p>Allt b\u00f6rjade med att jag etablerade kontakt genom min brors rumskamrat. F\u00f6r det f\u00f6rsta letade jag inte efter ett jobb utomlands, men n\u00e4r jag fick erbjudandet k\u00e4nde jag mig exalterad \u00f6ver en nystart s\u00e5 jag k\u00f6rde bara. Jag f\u00f6rv\u00e4ntade mig att tr\u00e4ffa likasinnade nya v\u00e4nner och att utforska ett nytt land tillsammans med dem ville utnyttja helgerna helgerna till fullo.  <\/p>\n\n\n\n<p>Jag kom ner en dag innan jag skulle b\u00f6rja jobba, jag rekommenderar det inte eftersom det inte gav mig tid att bos\u00e4tta mig. Men min f\u00f6rsta dag p\u00e5 jobbet var fantastisk, jag tr\u00e4ffade m\u00e5nga nya sn\u00e4lla m\u00e4nniskor med samma hobbyer och humor. Efter jobbet gick jag ut p\u00e5 en pint p\u00e5 den lokala puben med de andra som ocks\u00e5 precis har haft sin f\u00f6rsta dag. Min f\u00f6rsta fredag var den mest minnesv\u00e4rda, vi utforskade nattlivet och jag kan verkligen s\u00e4ga att jag inte blev besviken. Vi hade en fantastisk kv\u00e4ll och jag tr\u00e4ffade m\u00e5nga nya lokala v\u00e4nner.    <\/p>\n\n\n\n<p>Jag \u00e4r glad att jag har flyttat, f\u00f6r mig k\u00e4ndes det som det r\u00e4tta att g\u00f6ra. Jag \u00e4lskar att tr\u00e4ffa och skaffa nya v\u00e4nner, s\u00e5 flytten var en fantastisk grej f\u00f6r mig. Jag skulle s\u00e4ga att min st\u00f6rsta utmaning hittills var n\u00e4r jag fick jobberbjudandet och jag var tvungen att mentalt f\u00f6rbereda mig f\u00f6r resan. Allt gick f\u00f6r fort f\u00f6r mig. Som tur var fick jag mycket st\u00f6d fr\u00e5n mina kontakter p\u00e5 Job Squad och f\u00f6retaget jag jobbar f\u00f6r. Om jag kan ge n\u00e5gra r\u00e5d \u00e4r det att ge dig sj\u00e4lv en extra vecka f\u00f6r att f\u00f6rbereda dig f\u00f6r resan.    <\/p>\n<\/div>\n<\/div>\n","protected":false},"excerpt":{"rendered":"<p>Allt b\u00f6rjade med att jag etablerade kontakt genom min brors rumskamrat. F\u00f6r det f\u00f6rsta letade jag inte efter ett jobb&#8230;<\/p>\n","protected":false},"author":3,"featured_media":51146,"comment_status":"closed","ping_status":"closed","sticky":false,"template":"","format":"standard","meta":{"footnotes":""},"categories":[180],"tags":[],"class_list":["post-51145","post","type-post","status-publish","format-standard","has-post-thumbnail","hentry","category-relocation"],"_links":{"self":[{"href":"https:\/\/www.jobsqd.com\/sv\/wp-json\/wp\/v2\/posts\/51145","targetHints":{"allow":["GET"]}}],"collection":[{"href":"https:\/\/www.jobsqd.com\/sv\/wp-json\/wp\/v2\/posts"}],"about":[{"href":"https:\/\/www.jobsqd.com\/sv\/wp-json\/wp\/v2\/types\/post"}],"author":[{"embeddable":true,"href":"https:\/\/www.jobsqd.com\/sv\/wp-json\/wp\/v2\/users\/3"}],"replies":[{"embeddable":true,"href":"https:\/\/www.jobsqd.com\/sv\/wp-json\/wp\/v2\/comments?post=51145"}],"version-history":[{"count":0,"href":"https:\/\/www.jobsqd.com\/sv\/wp-json\/wp\/v2\/posts\/51145\/revisions"}],"wp:featuredmedia":[{"embeddable":true,"href":"https:\/\/www.jobsqd.com\/sv\/wp-json\/wp\/v2\/media\/51146"}],"wp:attachment":[{"href":"https:\/\/www.jobsqd.com\/sv\/wp-json\/wp\/v2\/media?parent=51145"}],"wp:term":[{"taxonomy":"category","embeddable":true,"href":"https:\/\/www.jobsqd.com\/sv\/wp-json\/wp\/v2\/categories?post=51145"},{"taxonomy":"post_tag","embeddable":true,"href":"https:\/\/www.jobsqd.com\/sv\/wp-json\/wp\/v2\/tags?post=51145"}],"curies":[{"name":"wp","href":"https:\/\/api.w.org\/{rel}","templated":true}]}}