{"id":51137,"date":"2023-06-07T08:07:13","date_gmt":"2023-06-07T06:07:13","guid":{"rendered":"https:\/\/www.jobsqd.com\/kandidatens-berattelse-sarah-fran-tyskland-bosatt-pa-malta"},"modified":"2025-12-15T13:28:22","modified_gmt":"2025-12-15T12:28:22","slug":"kandidatens-berattelse-sarah-fran-tyskland-bosatt-pa-malta","status":"publish","type":"post","link":"https:\/\/www.jobsqd.com\/sv\/kandidatens-berattelse-sarah-fran-tyskland-bosatt-pa-malta\/","title":{"rendered":"Kandidatens ber\u00e4ttelse: Sarah fr\u00e5n Tyskland, bosatt p\u00e5 Malta"},"content":{"rendered":"\n<figure class=\"wp-block-image aligncenter size-full is-resized\"><img decoding=\"async\" src=\"https:\/\/www.jobsqd.com\/wp-content\/uploads\/2023\/06\/image-4.png\" alt=\"\" class=\"wp-image-3385\" width=\"150\" srcset=\"https:\/\/www.jobsqd.com\/wp-content\/uploads\/2023\/06\/image-4.png 750w, https:\/\/www.jobsqd.com\/wp-content\/uploads\/2023\/06\/image-4-300x298.png 300w, https:\/\/www.jobsqd.com\/wp-content\/uploads\/2023\/06\/image-4-150x150.png 150w, https:\/\/www.jobsqd.com\/wp-content\/uploads\/2023\/06\/image-4-105x105.png 105w, https:\/\/www.jobsqd.com\/wp-content\/uploads\/2023\/06\/image-4-85x85.png 85w, https:\/\/www.jobsqd.com\/wp-content\/uploads\/2023\/06\/image-4-600x597.png 600w, https:\/\/www.jobsqd.com\/wp-content\/uploads\/2023\/06\/image-4-100x100.png 100w\" sizes=\"(max-width: 750px) 100vw, 750px\" \/><\/figure>\n\n<div class=\"wp-block-group is-layout-constrained wp-block-group-is-layout-constrained\">\n<div class=\"wp-block-group is-layout-constrained wp-block-group-is-layout-constrained\">\n<p>Jag har nu bott i n\u00e4stan tv\u00e5 \u00e5r p\u00e5 Malta.<\/p>\n\n\n\n<p>Sedan jag var 16 \u00e5r gammal har jag alltid velat flytta utomlands, och sedan gjorde jag \u00e4ntligen det efter att jag avslutat mina studier och arbetat en tid i mitt hemland Tyskland.<\/p>\n\n\n\n<p>Det var det b\u00e4sta jag tagit beslutet hittills. Att utforska en ny kultur, ett nytt s\u00e4tt att leva och f\u00e5 internationella v\u00e4nner &#8211; vidgar verkligen din horisont. Jag \u00e4r en v\u00e4ldigt nyfiken person och det \u00e4r d\u00e4rf\u00f6r jag gillar att uppleva nya saker.  <\/p>\n\n\n\n<p>Ut\u00f6ver det pratar jag nu flytande engelska vilket egentligen bara \u00e4r m\u00f6jligt om du flyttar utomlands.<\/p>\n\n\n\n<p>Om du \u00e4r f\u00f6rdomsfri, inte r\u00e4dd f\u00f6r att be om hj\u00e4lp och redo att acceptera nya s\u00e4tt att t\u00e4nka och leva, tror jag att det inte finns n\u00e5gra st\u00f6rre utmaningar n\u00e4r du flyttar utomlands. H\u00e4r \u00e4r mitt tips till dig: Oroa dig inte f\u00f6r mycket, du kommer att ta reda p\u00e5 allt p\u00e5 v\u00e4gen \u2013 bara k\u00f6r p\u00e5! <\/p>\n\n\n\n<figure class=\"wp-block-image is-resized\"><img decoding=\"async\" src=\"https:\/\/assets.grammarly.com\/emoji\/v1\/1f917.svg\" alt=\"&#x1F917;\" width=\"24\" height=\"24\"\/><\/figure>\n<\/div>\n<\/div>\n","protected":false},"excerpt":{"rendered":"<p>Jag har nu bott i n\u00e4stan tv\u00e5 \u00e5r p\u00e5 Malta. Sedan jag var 16 \u00e5r gammal har jag alltid velat&#8230;<\/p>\n","protected":false},"author":3,"featured_media":100218,"comment_status":"closed","ping_status":"closed","sticky":false,"template":"","format":"standard","meta":{"footnotes":""},"categories":[519,180],"tags":[],"class_list":["post-51137","post","type-post","status-publish","format-standard","has-post-thumbnail","hentry","category-personliga-erfarenheter","category-relocation"],"_links":{"self":[{"href":"https:\/\/www.jobsqd.com\/sv\/wp-json\/wp\/v2\/posts\/51137","targetHints":{"allow":["GET"]}}],"collection":[{"href":"https:\/\/www.jobsqd.com\/sv\/wp-json\/wp\/v2\/posts"}],"about":[{"href":"https:\/\/www.jobsqd.com\/sv\/wp-json\/wp\/v2\/types\/post"}],"author":[{"embeddable":true,"href":"https:\/\/www.jobsqd.com\/sv\/wp-json\/wp\/v2\/users\/3"}],"replies":[{"embeddable":true,"href":"https:\/\/www.jobsqd.com\/sv\/wp-json\/wp\/v2\/comments?post=51137"}],"version-history":[{"count":1,"href":"https:\/\/www.jobsqd.com\/sv\/wp-json\/wp\/v2\/posts\/51137\/revisions"}],"predecessor-version":[{"id":107446,"href":"https:\/\/www.jobsqd.com\/sv\/wp-json\/wp\/v2\/posts\/51137\/revisions\/107446"}],"wp:featuredmedia":[{"embeddable":true,"href":"https:\/\/www.jobsqd.com\/sv\/wp-json\/wp\/v2\/media\/100218"}],"wp:attachment":[{"href":"https:\/\/www.jobsqd.com\/sv\/wp-json\/wp\/v2\/media?parent=51137"}],"wp:term":[{"taxonomy":"category","embeddable":true,"href":"https:\/\/www.jobsqd.com\/sv\/wp-json\/wp\/v2\/categories?post=51137"},{"taxonomy":"post_tag","embeddable":true,"href":"https:\/\/www.jobsqd.com\/sv\/wp-json\/wp\/v2\/tags?post=51137"}],"curies":[{"name":"wp","href":"https:\/\/api.w.org\/{rel}","templated":true}]}}