{"id":50676,"date":"2023-06-07T07:44:03","date_gmt":"2023-06-07T05:44:03","guid":{"rendered":"https:\/\/www.jobsqd.com\/kandidatens-berattelse-rebekka-fran-danmark-bosatt-i-aten"},"modified":"2025-12-15T13:19:40","modified_gmt":"2025-12-15T12:19:40","slug":"kandidatens-berattelse-rebekka-fran-danmark-bosatt-i-aten","status":"publish","type":"post","link":"https:\/\/www.jobsqd.com\/sv\/kandidatens-berattelse-rebekka-fran-danmark-bosatt-i-aten\/","title":{"rendered":"Kandidatens ber\u00e4ttelse: Rebekka fr\u00e5n Danmark, bosatt i Aten"},"content":{"rendered":"\n<div class=\"wp-block-group is-layout-constrained wp-block-group-is-layout-constrained\">\n<figure class=\"wp-block-image aligncenter size-full is-resized\"><img fetchpriority=\"high\" decoding=\"async\" width=\"784\" height=\"844\" src=\"https:\/\/www.jobsqd.com\/wp-content\/uploads\/2023\/06\/image-1.png\" alt=\"\" class=\"wp-image-3377\" style=\"width:150px;height:undefinedpx\" srcset=\"https:\/\/www.jobsqd.com\/wp-content\/uploads\/2023\/06\/image-1.png 784w, https:\/\/www.jobsqd.com\/wp-content\/uploads\/2023\/06\/image-1-279x300.png 279w, https:\/\/www.jobsqd.com\/wp-content\/uploads\/2023\/06\/image-1-768x827.png 768w, https:\/\/www.jobsqd.com\/wp-content\/uploads\/2023\/06\/image-1-600x646.png 600w\" sizes=\"(max-width: 784px) 100vw, 784px\" \/><\/figure>\n\n\n\n<p class=\"has-text-align-left\"><strong><em>Var kommer du ifr\u00e5n och var flyttade du till:<\/em><\/strong><\/p>\n\n\n\n<p class=\"has-text-align-left\">Jag kommer fr\u00e5n Vejle, Danmark, och jag flyttade till Aten n\u00e4ra Attiki <\/p>\n\n\n\n<p class=\"has-text-align-left\"><em><strong>Vad fick dig att flytta utomlands:<\/strong><\/em><\/p>\n\n\n\n<p class=\"has-text-align-left\">Jag tog beslutet f\u00f6r att jag \u00e4lskar att bo utomlands och uppleva nya kulturer.<\/p>\n\n\n\n<p class=\"has-text-align-left\"><em><strong>Vilket \u00e4r ditt mest minnesv\u00e4rda \u00f6gonblick:<\/strong><\/em><\/p>\n\n\n\n<p class=\"has-text-align-left\">Det \u00e4r definitivt alla g\u00e5nger jag och mina v\u00e4nner h\u00e4r nere g\u00e5r ut och tar en drink, eller de d\u00e4r sommarn\u00e4tterna med brasafester och drinkar p\u00e5 stranden under dagen.<\/p>\n\n\n\n<p class=\"has-text-align-left\">En g\u00e5ng tr\u00e4ffade jag och min flickv\u00e4n n\u00e5gra spanska killar n\u00e4r vi \u00e5t vin i centrum, och det slutade med att vi bara pratade hela natten!<\/p>\n\n\n\n<p><em><strong>What has been the biggest challenge:<\/strong><\/em><\/p>\n\n\n\n<p>Att jobba och inte kunna njuta av solen hela tiden haha. Men du m\u00e5ste jobba f\u00f6r att tj\u00e4na pengar och sedan kan allt det roliga b\u00f6rja.  <\/p>\n\n\n\n<p><em><strong>Vilken var din favoritplats eller favoritsak att g\u00f6ra<\/strong><\/em><\/p>\n\n\n\n<p><a href=\"https:\/\/www.instagram.com\/snob.athens\/?hl=en\" target=\"_blank\" rel=\"noopener\">SNOB<\/a> \u2013 \u00e4r en cocktailbar i Aten, fantastiskt st\u00e4lle! <\/p>\n\n\n\n<p>Bolivar Beach!! <\/p>\n\n\n\n<p>Vouliagmeni Lake!! <\/p>\n\n\n\n<p>El habanero (det b\u00e4sta snuset och det enda st\u00e4llet de s\u00e4ljer snus i Aten) <\/p>\n\n\n\n<p><em><strong>N\u00e5gra tips f\u00f6r personer som flyttar utomlands eller personer som flyttar till samma plats:<\/strong><\/em><\/p>\n\n\n\n<ul class=\"wp-block-list\">\n<li>Se till att b\u00f6rja leta efter en l\u00e4genhet innan du anl\u00e4nder till Aten.<\/li>\n\n\n\n<li>Best\u00e4ll inte Wolt hela tiden \u00e4ven om det \u00e4r &#8221;billigt&#8221;. <\/li>\n\n\n\n<li>Se till att snabbt anpassa dig till den kulturella skillnaden mellan Danmark och Grekland. Du f\u00e5r mindre betalt, s\u00e5 n\u00e4r saker och ting verkar billiga, underskatta inte priserna h\u00e4r nere. var bara f\u00f6rsiktig s\u00e5 att du inte anv\u00e4nder dina pengar p\u00e5 en g\u00e5ng!   <\/li>\n<\/ul>\n\n\n\n<p><em><strong>N\u00e5got annat du vill dela: <\/strong><\/em><\/p>\n\n\n\n<p>M\u00e4nniskor \u00e4r fantastiska h\u00e4r, och alla \u00e4r \u00f6ppna f\u00f6r nya v\u00e4nskaper, s\u00e5 var positiv <img decoding=\"async\" src=\"https:\/\/s.w.org\/images\/core\/emoji\/14.0.0\/svg\/263a.svg\" alt=\"&#x263A;&#xFE0F;\" style=\"width: 20px;\"\/><img decoding=\"async\" style=\"width: 20px;\" src=\"https:\/\/s.w.org\/images\/core\/emoji\/14.0.0\/svg\/263a.svg\" alt=\"&#x263A;&#xFE0F;\"\/><\/p>\n<\/div>\n","protected":false},"excerpt":{"rendered":"<p>Var kommer du ifr\u00e5n och var flyttade du till: Jag kommer fr\u00e5n Vejle, Danmark, och jag flyttade till Aten n\u00e4ra&#8230;<\/p>\n","protected":false},"author":3,"featured_media":96964,"comment_status":"closed","ping_status":"closed","sticky":false,"template":"","format":"standard","meta":{"footnotes":""},"categories":[519,180],"tags":[],"class_list":["post-50676","post","type-post","status-publish","format-standard","has-post-thumbnail","hentry","category-personliga-erfarenheter","category-relocation"],"_links":{"self":[{"href":"https:\/\/www.jobsqd.com\/sv\/wp-json\/wp\/v2\/posts\/50676","targetHints":{"allow":["GET"]}}],"collection":[{"href":"https:\/\/www.jobsqd.com\/sv\/wp-json\/wp\/v2\/posts"}],"about":[{"href":"https:\/\/www.jobsqd.com\/sv\/wp-json\/wp\/v2\/types\/post"}],"author":[{"embeddable":true,"href":"https:\/\/www.jobsqd.com\/sv\/wp-json\/wp\/v2\/users\/3"}],"replies":[{"embeddable":true,"href":"https:\/\/www.jobsqd.com\/sv\/wp-json\/wp\/v2\/comments?post=50676"}],"version-history":[{"count":1,"href":"https:\/\/www.jobsqd.com\/sv\/wp-json\/wp\/v2\/posts\/50676\/revisions"}],"predecessor-version":[{"id":107441,"href":"https:\/\/www.jobsqd.com\/sv\/wp-json\/wp\/v2\/posts\/50676\/revisions\/107441"}],"wp:featuredmedia":[{"embeddable":true,"href":"https:\/\/www.jobsqd.com\/sv\/wp-json\/wp\/v2\/media\/96964"}],"wp:attachment":[{"href":"https:\/\/www.jobsqd.com\/sv\/wp-json\/wp\/v2\/media?parent=50676"}],"wp:term":[{"taxonomy":"category","embeddable":true,"href":"https:\/\/www.jobsqd.com\/sv\/wp-json\/wp\/v2\/categories?post=50676"},{"taxonomy":"post_tag","embeddable":true,"href":"https:\/\/www.jobsqd.com\/sv\/wp-json\/wp\/v2\/tags?post=50676"}],"curies":[{"name":"wp","href":"https:\/\/api.w.org\/{rel}","templated":true}]}}