{"id":49617,"date":"2023-05-25T11:07:12","date_gmt":"2023-05-25T09:07:12","guid":{"rendered":"https:\/\/www.jobsqd.com\/kan-alla-vara-en-digital-nomad-efter-inneslutning"},"modified":"2025-01-21T21:11:46","modified_gmt":"2025-01-21T20:11:46","slug":"kan-alla-vara-en-digital-nomad-efter-inneslutning","status":"publish","type":"post","link":"https:\/\/www.jobsqd.com\/sv\/kan-alla-vara-en-digital-nomad-efter-inneslutning\/","title":{"rendered":"Kan alla vara en digital nomad efter inneslutning?"},"content":{"rendered":"\n<p>Om inst\u00e4ngdhet f\u00f6r vissa \u00e4r en d\u00e5lig remake av <em>Groundhog Day<\/em>, men f\u00f6r andra, en period av p\u00e5tvingat distansering som ett ljuvt \u00f6gonblick av paus, l\u00e5ngt ifr\u00e5n de vanliga professionella upptagenheterna. Bland dem finns en andel neo-teleworkers som uppt\u00e4cker ett nytt s\u00e4tt att leva, d\u00e4r arbetet inte l\u00e4ngre \u00e4r kopplat till ett fast kontor, d\u00e4r scheman blir flexibla och d\u00e4r den sparade tiden \u00e5terinvesteras i aktiviteter som bed\u00f6ms vara mer f\u00f6rdelaktiga f\u00f6r den personliga v\u00e4lbefinnande. \u00c4ven om inte alla \u00e4r lika n\u00e4r det kommer till distansarbete, om s\u00e5 bara p\u00e5 grund av de f\u00f6rh\u00e5llanden under vilka det ut\u00f6vas &#8211; och sj\u00e4lva ha m\u00f6jligheten att kunna g\u00f6ra det, ville vi \u00e4nd\u00e5 veta vad denna kris avsl\u00f6jade om v\u00e5r koppling till v\u00e5r arbetsplats, och de m\u00f6jligheter det \u00f6ppnade f\u00f6r begreppet &#8221;professionell r\u00f6rlighet&#8221;(professional mobility). Kommer vi alltid beh\u00f6va g\u00e5 till jobbet p\u00e5 ett kontor? Kommer vi att se en \u00f6kning av digital nomadism? F\u00f6r att ta reda p\u00e5 det baserade vi v\u00e5r forskning p\u00e5 en fransk studie av m\u00e4nniskor vars inst\u00e4ngdhet har f\u00e5tt dem att ompr\u00f6va sin professionella r\u00f6rlighet, och vi delar ett visst utbyte med experter p\u00e5 \u00e4mnet, inklusive sociologen Jean Viard, CNRS forskningschef vid Political Research Centre p\u00e5 Sciences Po Paris.     <\/p>\n\n<figure class=\"wp-block-image aligncenter size-large is-resized\"><img fetchpriority=\"high\" decoding=\"async\" width=\"1024\" height=\"683\" src=\"https:\/\/www.jobsqd.com\/wp-content\/uploads\/2023\/05\/online-meeting-zoom-1024x683.jpg\" alt=\"\" class=\"wp-image-10779\" style=\"width:512px;height:342px\" srcset=\"https:\/\/www.jobsqd.com\/wp-content\/uploads\/2023\/05\/online-meeting-zoom-1024x683.jpg 1024w, https:\/\/www.jobsqd.com\/wp-content\/uploads\/2023\/05\/online-meeting-zoom-300x200.jpg 300w, https:\/\/www.jobsqd.com\/wp-content\/uploads\/2023\/05\/online-meeting-zoom-768x512.jpg 768w, https:\/\/www.jobsqd.com\/wp-content\/uploads\/2023\/05\/online-meeting-zoom-1536x1025.jpg 1536w, https:\/\/www.jobsqd.com\/wp-content\/uploads\/2023\/05\/online-meeting-zoom-2048x1366.jpg 2048w, https:\/\/www.jobsqd.com\/wp-content\/uploads\/2023\/05\/online-meeting-zoom-1568x1046.jpg 1568w\" sizes=\"(max-width: 1024px) 100vw, 1024px\" \/><\/figure>\n\n<h2 class=\"wp-block-heading\"><strong>Storst\u00e4der ignoreras mer och mer<\/strong><\/h2>\n\n<ul class=\"wp-block-list\">\n<li><em>M\u00f6jligheten att inte l\u00e4ngre beh\u00f6va bo n\u00e4ra sin arbetsplats<\/em><\/li>\n<\/ul>\n\n<p>Om det \u00e4r en sak som folk har uppt\u00e4ckt med inneslutning s\u00e5 \u00e4r det att det verkligen var m\u00f6jligt att arbeta p\u00e5 distans, ibland till det b\u00e4ttre. <em>&#8221;Jag har intalat mig sj\u00e4lv ett tag nu att om 3-4 \u00e5r skulle jag vilja flytta ha fr\u00e5n Paris&#8221;,<\/em> analyserar Jeanne, eventansvarig.  <em>\u201dMen n\u00e4r jag arbetade i eventbranschen har jag alltid trott att det h\u00e4r med n\u00f6dv\u00e4ndighet skulle inneb\u00e4ra ett byte av jobb. Men under inst\u00e4ngingen tvingades vi t\u00e4nka om v\u00e5rt jobb; vi g\u00f6r fler evenemang online, jag g\u00f6r mer och mer strategi och mindre och mindre operativt arbete&#8230; och jag b\u00f6rjar tro att jag faktiskt p\u00e5 riktigt skulle kunna komma till Paris en eller tv\u00e5 dagar i m\u00e5naden, och resten av tiden arbetar jag p\u00e5 distans.&#8221;<\/em><\/p>\n\n<p>Enligt Jean Viard skulle Jeanne inte vara den enda i det h\u00e4r fallet. Enligt sociologen f\u00f6rst\u00e4rker detta aldrig tidigare sk\u00e5dade experiment med anv\u00e4ndning av massdistansarbete svaga signaler, som om de funnits redan f\u00f6re krisen, nu \u00e4r p\u00e5 v\u00e4g att bli oundvikliga. Och bland dem, str\u00e4van att leva utanf\u00f6r st\u00e4derna:   <em>&#8221;Mer \u00e4n 60 % av de parisiska cheferna dr\u00f6mmer om att bo i en liten stad eller p\u00e5 landsbygden, en eller tv\u00e5 timmar fr\u00e5n metropolen. R\u00f6relsen har funnits ett tag: m\u00e4nniskor l\u00e4mnar st\u00e4derna, Paris tappar i genomsnitt 10 000 inv\u00e5nare om \u00e5ret och landsbygdsbefolkningen v\u00e4xer snabbare \u00e4n stadsbefolkningen. Men nu ser vi en digital klyfta. Det hade redan kommit in i m\u00e4nniskors liv, men vi g\u00e5r nu mot ett riktigt digitalt samh\u00e4lle, d\u00e4r vi kommer att kunna h\u00e5lla m\u00f6ten och s\u00e4ndningar p\u00e5 distans utan att beh\u00f6va resa&#8230;\u201d.<\/em><\/p>\n\n<blockquote class=\"wp-block-quote is-layout-flow wp-block-quote-is-layout-flow\">\n<h3 class=\"wp-block-heading\">&#8221;R\u00f6relsen har funnits ett tag: m\u00e4nniskor l\u00e4mnar st\u00e4derna, Paris f\u00f6rlorar i genomsnitt 10 000 m\u00e4nniskor om \u00e5ret och landsbygdsbefolkningen v\u00e4xer snabbare \u00e4n stadsbefolkningen. &#8221;Jean Viard, sociolog <em><\/em><\/h3>\n<\/blockquote>\n\n<p>Medan m\u00e5nga fransm\u00e4n redan dr\u00f6mde om att leva mer i kontakt med naturen, g\u00f6r denna p\u00e5tvingade distansarbete denna m\u00f6jlighet mer och mer konkret. Laure, en journalist som f\u00f6r n\u00e4rvarande \u00e4r inst\u00e4ngd i Bretagne, projicerar sig sj\u00e4lv i allt st\u00f6rre utstr\u00e4ckning i denna modell:  <em>&#8221;Jag har alltid bott i Paris och jag har n\u00e5tt punkten. N\u00e4r jag ser mina v\u00e4nner som bor utanf\u00f6r metropolerna har vi inte samma livskvalitet. Med inst\u00e4ngdhet konsumerar jag mindre och jag inser att jag inte saknar det&#8230; och jag tror att priset att betala f\u00f6r att bo i en storstad kanske \u00e4r f\u00f6r h\u00f6gt j\u00e4mf\u00f6rt med f\u00f6rdelarna. Gradvis inser du att du \u00e4r f\u00f6r l\u00e5ngt borta fr\u00e5n naturen. Dessutom, fr\u00e5n Bretagne tar det mig bara 2h15 att komma till Paris: \u00e4r det v\u00e4rt att bo d\u00e4r hela veckan? \u00bb<\/em><\/p>\n\n<p>Och n\u00e4r vi vet att naturens f\u00f6rdelar p\u00e5 produktivitet och koncentration \u00e4r v\u00e4letablerade borde detta ocks\u00e5 ge f\u00f6retag en tankest\u00e4llare&#8230; som har allt att vinna p\u00e5 att spara kontorsyta.<\/p>\n\n<h2 class=\"wp-block-heading\"><strong>En arbetsplats som blir m\u00e5ngfaldig<\/strong><\/h2>\n\n<figure class=\"wp-block-image aligncenter size-large is-resized\"><img decoding=\"async\" width=\"1024\" height=\"768\" src=\"https:\/\/www.jobsqd.com\/wp-content\/uploads\/2023\/07\/Online-meeting-1024x768.jpg\" alt=\"\" class=\"wp-image-10783\" style=\"width:512px;height:384px\" srcset=\"https:\/\/www.jobsqd.com\/wp-content\/uploads\/2023\/07\/Online-meeting-1024x768.jpg 1024w, https:\/\/www.jobsqd.com\/wp-content\/uploads\/2023\/07\/Online-meeting-300x225.jpg 300w, https:\/\/www.jobsqd.com\/wp-content\/uploads\/2023\/07\/Online-meeting-768x576.jpg 768w, https:\/\/www.jobsqd.com\/wp-content\/uploads\/2023\/07\/Online-meeting-1536x1152.jpg 1536w, https:\/\/www.jobsqd.com\/wp-content\/uploads\/2023\/07\/Online-meeting-2048x1536.jpg 2048w, https:\/\/www.jobsqd.com\/wp-content\/uploads\/2023\/07\/Online-meeting-1568x1176.jpg 1568w\" sizes=\"(max-width: 1024px) 100vw, 1024px\" \/><\/figure>\n\n<ul class=\"wp-block-list\">\n<li><em>Det n\u00f6dv\u00e4ndiga underh\u00e5llet av det sociala bandet<\/em><\/li>\n<\/ul>\n\n<p>Medan kontoret som en fast arbetsplats verkar mindre och mindre n\u00f6dv\u00e4ndigt, blir att arbeta hemifr\u00e5n knappast ett universalmedel f\u00f6r alla. F\u00f6r Aurore Flipo, en sociolog som specialiserat sig p\u00e5 fr\u00e5gor om r\u00f6rlighet och social stratifiering, \u00e4r det faktiskt l\u00e5ngt ifr\u00e5n sj\u00e4lvklart att arbeta hemifr\u00e5n, och distinktionen mellan professionella och personliga utrymmen \u00e4r fortfarande viktig: <em>&#8221;Jag \u00e4r inte s\u00e4ker p\u00e5 att vikten av arbetsplatsen kommer att f\u00f6rsvinna som ett resultat av den h\u00e4r krisen\u201d<\/em>, f\u00f6rklarar forskaren. <em>&#8221;Jag \u00e4r inte heller s\u00e4ker p\u00e5 att vikten av arbetsplatsen kommer att f\u00f6rsvinna i sp\u00e5ren av den h\u00e4r krisen&#8221;,<\/em> s\u00e4ger hon. &#8221;<em>Men en stor nackdel med distansarbete \u00e4r fr\u00e5nvaron, eller n\u00e4stan fr\u00e5nvaro, av sociala band. D\u00e4rav m\u00e5ngfalden av arbetsplatser, som omarbetar gr\u00e4nsen mellan personligt och yrkesliv och g\u00f6r det m\u00f6jligt att uppr\u00e4tth\u00e5lla sociala band.\u201d <\/em>En vision som delas av Nathana\u00ebl Mathieu, medgrundare av N\u00e9o-nomade-plattformen. <em>&#8221;Hembaserat arbete kan utvecklas, men coworking spaces har fortfarande en ljus framtid framf\u00f6r sig, om s\u00e5 bara f\u00f6r att vi beh\u00f6ver umg\u00e5s&#8221;<\/em>, bekr\u00e4ftar han i en intervju med Usbek &amp; Rica magazine.    <em>&#8221;Vi kommer inte att ta bort v\u00e5ra arbetsytor \u00f6ver en natt, det kommer att beh\u00f6va g\u00f6ras i en form av balans.&#8221;<\/em><\/p>\n\n<blockquote class=\"wp-block-quote is-layout-flow wp-block-quote-is-layout-flow\">\n<h3 class=\"wp-block-heading\"><strong>&#8221;Hembaserat arbete kan utvecklas, men coworking spaces har fortfarande en ljus framtid framf\u00f6r sig, om s\u00e5 bara f\u00f6r att vi beh\u00f6ver umg\u00e5s&#8221; Nathana\u00ebl Mathieu, medgrundare av N\u00e9o-nomade-plattformen<\/strong><\/h3>\n<\/blockquote>\n\n<p><em>\u201dIst\u00e4llet f\u00f6r att investera i hemutrymme skulle arbetsplatsen \u00e5teruppfinna sig sj\u00e4lv i en fragmenterad form, med varierande utrymmen fr\u00e5n coworking till hemmet, till h\u00f6rncaf\u00e9et. Fysiskt avst\u00e5nd kan ge en viss tillbakablick p\u00e5 ett \u00e4mne, men det har ocks\u00e5 sina begr\u00e4nsningar, <\/em>konstaterar journalisten Laure. <em>&#8221;Distansarbetsupplevelsen skr\u00e4mmer mig mindre nuf\u00f6rtiden, i den meningen att jag \u00e4r mindre r\u00e4dd f\u00f6r att bli isolerad \u00e4n tidigare. Men f\u00f6r koncentrationen kan det ibland vara komplicerat. Ditt &#8221;hem&#8221; blir din arbetsplats. Det \u00e4r viktigt att ha dedikerade platser.\u201d<\/em> Aurore Flipo h\u00e5ller med: <em>\u201dGenerellt sett har det observerats att distansarbetare tenderar att arbeta mer och l\u00e4ngre \u00e4n n\u00e4r de \u00e4r p\u00e5 ett kontor, och det \u00e4r ibland sv\u00e5rt f\u00f6r vissa av dem att sluta. R\u00e4tten till fr\u00e5nkoppling ska garanteras, f\u00f6r att arbetet inte ska st\u00f6ra vilotiden\u201d,<\/em> f\u00f6rklarar hon. F\u00f6r att vara effektivt m\u00e5ste distansarbete utf\u00f6ras under adekvata f\u00f6rh\u00e5llanden, som g\u00f6r det m\u00f6jligt att separera privata och professionella, \u00e4ven n\u00e4r de \u00e4r hemma. Detta \u00e4r inte n\u00f6dv\u00e4ndigtvis sj\u00e4lvklart f\u00f6r dem som har barn att sk\u00f6ta, som bor i delade l\u00e4genheter eller som helt enkelt inte har tillr\u00e4ckligt med utrymme f\u00f6r att s\u00e4tta upp en arbetsplats. De tv\u00e5 utrymmena kan d\u00e5 blandas ihop och koncentrationen, som Laure noterar, p\u00e5verkas.    <\/p>\n\n<ul class=\"wp-block-list\">\n<li><em>En frig\u00f6relse av arbetsplatsen som har sina gr\u00e4nser<\/em><\/li>\n<\/ul>\n\n<p>\u00c4ven om det inte \u00e4r s\u00e5 enkelt att arbeta hemifr\u00e5n som det verkar, har behovet av att &#8221;g\u00e5 till kontoret&#8221; \u00e4nd\u00e5 ifr\u00e5gasatts inf\u00f6r krisen. Men hur \u00e4r det med de yrken som inte har n\u00e5got annat val \u00e4n att g\u00e5 till jobbet? F\u00f6r dem b\u00f6r man prioritera n\u00e4rhet, enligt Jean Viard. <em>\u201dDet f\u00f6refaller mig som att det \u00e4r mycket m\u00f6jligt, efter krisen, att folk kan tycka att det \u00e4r normalt att prioritera n\u00e4rhet mellan hem och arbete f\u00f6r yrken som f\u00e5r st\u00e4der att g\u00e5 runt och inte har n\u00e5got annat val \u00e4n att g\u00e5 till en specifik arbetsplats.&#8221; <\/em>Socionomen menar att denna kris kan vara ett tillf\u00e4lle att se \u00f6ver den sociala bostadspolitiken och ompr\u00f6va f\u00f6rdelningen av sociala bost\u00e4der efter n\u00e4rhet till arbetsplatsen. <em>&#8221;Social housing policy har alltid varit baserad p\u00e5 inkomst, inte geografi&#8221;,<\/em> f\u00f6rklarar han.    <em>&#8221;Men tanken att social allokering blir rumslig allokering, blir en verklig fr\u00e5ga. En sjuksk\u00f6terska som m\u00e5ste \u00e5ka till Necker varje dag borde f\u00e5 ett socialt boende i n\u00e4rheten.\u201d<\/em><\/p>\n\n<p>Omv\u00e4nt borde figuren &#8221;den digitala nomaden&#8221;, som inte har n\u00e5gra band och str\u00f6var runt i v\u00e4rlden, &#8221;datorn under armen&#8221;, f\u00f6rbli marginell efter krisen. <em>&#8221;Det \u00e4r en minoritet som kommer att inse att de kan vara digitala nomader&#8221;,<\/em> s\u00e4ger Jean Viard. Det handlar om jobb d\u00e4r man m\u00e5ste k\u00e4nna sina medarbetare v\u00e4l. Om du k\u00e4nner n\u00e5gon kan du kommunicera v\u00e4ldigt enkelt via Skype etc. Men om du aldrig har tr\u00e4ffat dem f\u00f6rut \u00e4r det mer komplicerat eftersom du p\u00e5 avst\u00e5nd inte har alla kulturella koder. Enligt min \u00e5sikt kommer detta bara att r\u00f6ra sm\u00e5 befolkningar, som kommer att besluta sig f\u00f6r att driva nomadismen ytterligare. &#8221;En reflektion som \u00e5terspeglar sociologen Aurore Flipos arbete: <em>&#8221;Vi m\u00e4rker att distansarbete \u00e4r ganska popul\u00e4rt bland anst\u00e4llda, n\u00e5gra dagar i veckan.&#8221;<\/em>      <\/p>\n\n<p>En nyligen genomf\u00f6rd unders\u00f6kning gjord av fastighetskonsultgruppen Colliers International bland anst\u00e4llda i 25 l\u00e4nder visar att 71 % av de tillfr\u00e5gade som aldrig hade jobbat p\u00e5 distans f\u00f6re krisen nu skulle vilja jobba p\u00e5 distans en dag i veckan.<\/p>\n\n<ul class=\"wp-block-list\">\n<li><em>En illusorisk \u00e5terg\u00e5ng till det normala<\/em><\/li>\n<\/ul>\n\n<p>Om tv\u00e5 m\u00e5naders innst\u00e4ngdhet inte \u00e4r tillr\u00e4ckliga f\u00f6r att se den verkliga framv\u00e4xten av nya s\u00e4tt f\u00f6r h\u00e5llbar professionell r\u00f6rlighet, verkar en <em>&#8221;\u00e5terg\u00e5ng till det normala&#8221;<\/em>, med en majoritet av de anst\u00e4llda som g\u00e5r till en fast arbetsplats varje dag, sv\u00e5r att uppn\u00e5. Utmaningen blir d\u00e5 att f\u00f6rest\u00e4lla sig nya, h\u00e4lsosamma och h\u00e5llbara s\u00e4tt att distansarbete. <em>\u201dF\u00f6r tillf\u00e4llet har f\u00f6retag och offentliga arbetsgivare fr\u00e4mst reagerat akut p\u00e5 distansarbete, men saneringen kommer ocks\u00e5 att markera b\u00f6rjan p\u00e5 en l\u00e5ngsiktig reflektion kring en organisation som gynnar distansarbete\u201d<\/em>, tror Aurore Flipo  <em>. \u201cThis may indeed be necessary for a long time, according to recent statements by the government, which indicated that telework should be favoured after the crisis. It will therefore inevitably be necessary for the urgent reactions adopted in companies to be replaced by real strategies,\u201d <\/em> f\u00f6rklarar forskaren.<\/p>\n\n<p>L\u00e5ngsiktiga strategier som med n\u00f6dv\u00e4ndighet kommer att leda medarbetarna till att ompr\u00f6va sina s\u00e4tt att ta sig fram, genom att f\u00f6rkorta restiderna och fr\u00e4mja r\u00f6rlighet som \u00e4r mer i linje med deras nya livsstilar.<\/p>\n\n<ul class=\"wp-block-list\">\n<li><em>En kris som kommer att v\u00e4cka ekologisk medvetenhet<\/em><\/li>\n<\/ul>\n\n<p><em>&#8221;Det kommer att finnas nya f\u00f6rv\u00e4ntningar: folk kommer att vara r\u00e4dda f\u00f6r kollektivtrafiken, s\u00e5 vi kommer att anv\u00e4nda cyklar, promenader och bilar mer&#8221;<\/em>, f\u00f6rutsp\u00e5r Jean Viard. Enligt sociologen, att ompr\u00f6va tid genom att uppmuntra distansarbete kommer d\u00e5 g\u00f6ra det m\u00f6jligt att ompr\u00f6va rymden: mjuk r\u00f6rlighet kommer att uppmuntras, cykelv\u00e4gar och trottoarer kommer att breddas, bil-cykelrel\u00e4er i utkanten av st\u00e4der kommer att till\u00e5ta dem som kommer l\u00e4ngre bort. att cykla de sista kilometrarna&#8230; En minskning av resandet som skulle uppmuntra en gr\u00f6nare ekonomisk \u00e5terh\u00e4mtning, ett annat stort bekymmer i denna kris. <\/p>\n\n<blockquote class=\"wp-block-quote is-layout-flow wp-block-quote-is-layout-flow\">\n<pre class=\"wp-block-preformatted\"><strong>\"Det kommer att finnas nya f\u00f6rv\u00e4ntningar: folk kommer att vara r\u00e4dda f\u00f6r kollektivtrafiken, s\u00e5 vi kommer att anv\u00e4nda cyklar, bilar och g\u00e5 mer\", s\u00e4ger Jean Viard.<\/strong><\/pre>\n<\/blockquote>\n\n<p>F\u00f6r det \u00e4r ocks\u00e5 en av de stora l\u00e4rdomarna av denna period av inst\u00e4ngdhet: \u00f6verallt sjunker f\u00f6roreningsgraden, djuren \u00e5terv\u00e4nder till omr\u00e5den som de hade \u00f6vergett&#8230; och m\u00e4nniskor blir mer medvetna varje dag om deras inverkan p\u00e5 naturen. <em>&#8221;Med tillkomsten av inneslutning f\u00f6r\u00e4ndras v\u00e5rt f\u00f6rh\u00e5llande till naturen&#8221;<\/em>, f\u00f6rklarar naturforskaren Gr\u00e9goire Lo\u00efs i en nyligen intervju p\u00e5 Enlarge Your Paris. <\/p>\n\n<p>Dessa l\u00e5nga dagar, fria fr\u00e5n restid och social interaktion, uppmuntrar till kontemplation. Men ute \u00e4r det v\u00e5r, med andra ord rusningen och brusandet av reproduktion i form av fr\u00f6n, larver, \u00e4gg&#8230; Ett permanent sk\u00e5despel! I normala tider \u00e4r det sv\u00e5rt att uppm\u00e4rksamma detta. <em>&#8221;Denna aldrig tidigare sk\u00e5dade situation leder till en sk\u00e4rpning av banden som f\u00f6renar oss med naturen, som \u00e4r s\u00e4rskilt anstr\u00e4ngda i v\u00e5ra samh\u00e4llen&#8221;<\/em>, till\u00e4gger han. Ytterligare ett argument f\u00f6r att p\u00e5skynda migrationen av stadsbor till landsbygden, omv\u00e4rdera distansarbete och ompr\u00f6va v\u00e5ra reses\u00e4tt? Det f\u00e5r tiden utvisa.  <\/p>\n\n<p>Har du funderat p\u00e5 att flytta utomlands? Bl\u00e4ddra d\u00e5 bland v\u00e5ra <a href=\"https:\/\/www.jobsqd.com\/sv\/hitta-ett-jobb-utomlands\/\">jobb utomlands<\/a> f\u00f6r att se om det finns ett jobb som matchar dina behov! <\/p>\n","protected":false},"excerpt":{"rendered":"<p>Om inst\u00e4ngdhet f\u00f6r vissa \u00e4r en d\u00e5lig remake av Groundhog Day, men f\u00f6r andra, en period av p\u00e5tvingat distansering som&#8230;<\/p>\n","protected":false},"author":3,"featured_media":15796,"comment_status":"closed","ping_status":"open","sticky":false,"template":"","format":"standard","meta":{"footnotes":""},"categories":[180],"tags":[],"class_list":["post-49617","post","type-post","status-publish","format-standard","has-post-thumbnail","hentry","category-relocation"],"_links":{"self":[{"href":"https:\/\/www.jobsqd.com\/sv\/wp-json\/wp\/v2\/posts\/49617","targetHints":{"allow":["GET"]}}],"collection":[{"href":"https:\/\/www.jobsqd.com\/sv\/wp-json\/wp\/v2\/posts"}],"about":[{"href":"https:\/\/www.jobsqd.com\/sv\/wp-json\/wp\/v2\/types\/post"}],"author":[{"embeddable":true,"href":"https:\/\/www.jobsqd.com\/sv\/wp-json\/wp\/v2\/users\/3"}],"replies":[{"embeddable":true,"href":"https:\/\/www.jobsqd.com\/sv\/wp-json\/wp\/v2\/comments?post=49617"}],"version-history":[{"count":0,"href":"https:\/\/www.jobsqd.com\/sv\/wp-json\/wp\/v2\/posts\/49617\/revisions"}],"wp:featuredmedia":[{"embeddable":true,"href":"https:\/\/www.jobsqd.com\/sv\/wp-json\/wp\/v2\/media\/15796"}],"wp:attachment":[{"href":"https:\/\/www.jobsqd.com\/sv\/wp-json\/wp\/v2\/media?parent=49617"}],"wp:term":[{"taxonomy":"category","embeddable":true,"href":"https:\/\/www.jobsqd.com\/sv\/wp-json\/wp\/v2\/categories?post=49617"},{"taxonomy":"post_tag","embeddable":true,"href":"https:\/\/www.jobsqd.com\/sv\/wp-json\/wp\/v2\/tags?post=49617"}],"curies":[{"name":"wp","href":"https:\/\/api.w.org\/{rel}","templated":true}]}}