{"id":44229,"date":"2023-06-07T09:06:12","date_gmt":"2023-06-07T07:06:12","guid":{"rendered":"https:\/\/www.jobsqd.com\/ehdokkaan-tarina-chloe-ranskasta-asuu-ateenassa"},"modified":"2025-11-18T16:37:15","modified_gmt":"2025-11-18T15:37:15","slug":"ehdokkaan-tarina-chloe-ranskasta-asuu-ateenassa","status":"publish","type":"post","link":"https:\/\/www.jobsqd.com\/fi\/ehdokkaan-tarina-chloe-ranskasta-asuu-ateenassa\/","title":{"rendered":"Ehdokkaan tarina: Chlo\u00e9 Ranskasta, asuu Ateenassa"},"content":{"rendered":"\n<figure class=\"wp-block-image aligncenter size-large is-resized\"><img fetchpriority=\"high\" decoding=\"async\" width=\"1024\" height=\"784\" src=\"https:\/\/www.jobsqd.com\/wp-content\/uploads\/2023\/06\/image-28-1024x784.png\" alt=\"\" class=\"wp-image-3466\" style=\"width:185px\" srcset=\"https:\/\/www.jobsqd.com\/wp-content\/uploads\/2023\/06\/image-28-1024x784.png 1024w, https:\/\/www.jobsqd.com\/wp-content\/uploads\/2023\/06\/image-28-300x230.png 300w, https:\/\/www.jobsqd.com\/wp-content\/uploads\/2023\/06\/image-28-768x588.png 768w, https:\/\/www.jobsqd.com\/wp-content\/uploads\/2023\/06\/image-28-600x459.png 600w, https:\/\/www.jobsqd.com\/wp-content\/uploads\/2023\/06\/image-28.png 1338w\" sizes=\"(max-width: 1024px) 100vw, 1024px\" \/><\/figure>\n\n<div class=\"wp-block-group is-layout-constrained wp-block-group-is-layout-constrained\">\n<div class=\"wp-block-group is-layout-constrained wp-block-group-is-layout-constrained\">\n<h2 class=\"wp-block-heading\"><em>Mik\u00e4 sai sinut haluamaan ulkomaille? Ja mist\u00e4 l\u00f6ysit ty\u00f6paikan? <\/em><\/h2>\n\n\n\n<p>Halu matkustaa on aina ollut olemassa, ja l\u00f6ysin sen Jobsquadista Marinen avulla.<\/p>\n\n\n\n<h2 class=\"wp-block-heading\"><em>Millainen oli ensimm\u00e4inen ty\u00f6p\u00e4iv\u00e4si?<\/em> <\/h2>\n\n\n\n<p>Eritt\u00e4in hyv\u00e4, olin hotellissa ja sain tietokoneeni 5 p\u00e4iv\u00e4\u00e4 ennen.<\/p>\n\n\n\n<h2 class=\"wp-block-heading\"><em>Onko neuvoja niille, jotka harkitsevat ty\u00f6n vastaanottamista ulkomailla?  <\/em><\/h2>\n\n\n\n<p>Yrit\u00e4 sit\u00e4, \u00e4l\u00e4k\u00e4 pelk\u00e4\u00e4!<\/p>\n\n\n\n<p>**Kuva on Ateenan lumimyrskyst\u00e4 helmikuun 2021 alussa.<\/p>\n<\/div>\n<\/div>\n","protected":false},"excerpt":{"rendered":"<p>Mik\u00e4 sai sinut haluamaan ulkomaille? Ja mist\u00e4 l\u00f6ysit ty\u00f6paikan? Halu matkustaa on aina ollut olemassa, ja l\u00f6ysin sen Jobsquadista Marinen&#8230;<\/p>\n","protected":false},"author":3,"featured_media":21838,"comment_status":"closed","ping_status":"closed","sticky":false,"template":"","format":"standard","meta":{"footnotes":""},"categories":[497],"tags":[],"class_list":["post-44229","post","type-post","status-publish","format-standard","has-post-thumbnail","hentry","category-henkilokohtaisia-kokemuksia"],"_links":{"self":[{"href":"https:\/\/www.jobsqd.com\/fi\/wp-json\/wp\/v2\/posts\/44229","targetHints":{"allow":["GET"]}}],"collection":[{"href":"https:\/\/www.jobsqd.com\/fi\/wp-json\/wp\/v2\/posts"}],"about":[{"href":"https:\/\/www.jobsqd.com\/fi\/wp-json\/wp\/v2\/types\/post"}],"author":[{"embeddable":true,"href":"https:\/\/www.jobsqd.com\/fi\/wp-json\/wp\/v2\/users\/3"}],"replies":[{"embeddable":true,"href":"https:\/\/www.jobsqd.com\/fi\/wp-json\/wp\/v2\/comments?post=44229"}],"version-history":[{"count":2,"href":"https:\/\/www.jobsqd.com\/fi\/wp-json\/wp\/v2\/posts\/44229\/revisions"}],"predecessor-version":[{"id":105824,"href":"https:\/\/www.jobsqd.com\/fi\/wp-json\/wp\/v2\/posts\/44229\/revisions\/105824"}],"wp:featuredmedia":[{"embeddable":true,"href":"https:\/\/www.jobsqd.com\/fi\/wp-json\/wp\/v2\/media\/21838"}],"wp:attachment":[{"href":"https:\/\/www.jobsqd.com\/fi\/wp-json\/wp\/v2\/media?parent=44229"}],"wp:term":[{"taxonomy":"category","embeddable":true,"href":"https:\/\/www.jobsqd.com\/fi\/wp-json\/wp\/v2\/categories?post=44229"},{"taxonomy":"post_tag","embeddable":true,"href":"https:\/\/www.jobsqd.com\/fi\/wp-json\/wp\/v2\/tags?post=44229"}],"curies":[{"name":"wp","href":"https:\/\/api.w.org\/{rel}","templated":true}]}}