{"id":58354,"date":"2023-05-25T11:07:12","date_gmt":"2023-05-25T09:07:12","guid":{"rendered":"https:\/\/www.jobsqd.com\/kann-jeder-nach-den-einschrankungen-ein-digitaler-nomade-werden\/"},"modified":"2025-03-14T16:02:20","modified_gmt":"2025-03-14T15:02:20","slug":"kann-jeder-nach-den-einschrankungen-ein-digitaler-nomade-werden","status":"publish","type":"post","link":"https:\/\/www.jobsqd.com\/de\/kann-jeder-nach-den-einschrankungen-ein-digitaler-nomade-werden\/","title":{"rendered":"Kann jeder nach den Einschr\u00e4nkungen ein digitaler Nomade werden?"},"content":{"rendered":"\n<p>W\u00e4hrend f\u00fcr manche die Einschr\u00e4nkungen und Isolation eine misslungene Neuauflage von <em>Und t\u00e4glich gr\u00fc\u00dft das Murmeltier<\/em> darstellt, empfanden andere diese Phase der erzwungenen Distanzierung als eine angenehme Auszeit fern der \u00fcblichen beruflichen Verpflichtungen. Unter ihnen befindet sich ein Anteil an Neo-Telearbeitern, die eine neue Lebensweise entdecken, bei der Arbeit nicht mehr an ein festes B\u00fcro gebunden ist, Arbeitszeiten flexibel werden und die eingesparte Zeit in Aktivit\u00e4ten investiert wird, die als f\u00f6rderlicher f\u00fcr das pers\u00f6nliche Wohlbefinden erachtet werden. Obwohl nat\u00fcrlich nicht jeder in Bezug auf Telearbeit gleichgestellt ist, sei es nur aufgrund der Bedingungen, unter denen sie praktiziert wird, und der grunds\u00e4tzlichen M\u00f6glichkeit, sie \u00fcberhaupt aus\u00fcben zu k\u00f6nnen, wollten wir dennoch in Erfahrung bringen, was diese Krise \u00fcber unsere Bindung an unseren Arbeitsplatz offenbart hat und welche Perspektiven sie f\u00fcr den Begriff der beruflichen Mobilit\u00e4t er\u00f6ffnet. Werden wir stets die Notwendigkeit versp\u00fcren, in einem B\u00fcro zu arbeiten? Werden wir einen Anstieg des digitalen Nomadentums erleben? Um dies herauszufinden, st\u00fctzten wir unsere Untersuchungen auf eine franz\u00f6sische Studie \u00fcber Personen, deren Isolierung sie dazu veranlasst hat, ihre berufliche Mobilit\u00e4t zu \u00fcberdenken, und wir teilen einige Gespr\u00e4che mit Experten zu diesem Thema, darunter der Soziologe Jean Viard, Forschungsdirektor am CNRS am Zentrum f\u00fcr Politikforschung an der Sciences Po Paris.     <\/p>\n\n<figure class=\"wp-block-image aligncenter size-large is-resized\"><img fetchpriority=\"high\" decoding=\"async\" width=\"1024\" height=\"683\" src=\"https:\/\/www.jobsqd.com\/wp-content\/uploads\/2023\/05\/online-meeting-zoom-1024x683.jpg\" alt=\"\" class=\"wp-image-10779\" style=\"width:512px;height:342px\" srcset=\"https:\/\/www.jobsqd.com\/wp-content\/uploads\/2023\/05\/online-meeting-zoom-1024x683.jpg 1024w, https:\/\/www.jobsqd.com\/wp-content\/uploads\/2023\/05\/online-meeting-zoom-300x200.jpg 300w, https:\/\/www.jobsqd.com\/wp-content\/uploads\/2023\/05\/online-meeting-zoom-768x512.jpg 768w, https:\/\/www.jobsqd.com\/wp-content\/uploads\/2023\/05\/online-meeting-zoom-1536x1025.jpg 1536w, https:\/\/www.jobsqd.com\/wp-content\/uploads\/2023\/05\/online-meeting-zoom-2048x1366.jpg 2048w, https:\/\/www.jobsqd.com\/wp-content\/uploads\/2023\/05\/online-meeting-zoom-1568x1046.jpg 1568w\" sizes=\"(max-width: 1024px) 100vw, 1024px\" \/><\/figure>\n\n<h2 class=\"wp-block-heading\"><strong>Gro\u00dfst\u00e4dte werden zunehmend gemieden<\/strong><\/h2>\n\n<ul class=\"wp-block-list\">\n<li><em>Die M\u00f6glichkeit, nicht mehr in der N\u00e4he des Arbeitsplatzes zu wohnen<\/em><\/li>\n<\/ul>\n\n<p>Wenn die Menschen durch Corona eines entdeckt haben, dann, dass es tats\u00e4chlich m\u00f6glich war, aus der Ferne zu arbeiten, manchmal sogar zum Besseren. <em>&#8222;Ich sage mir schon seit einiger Zeit, dass ich in 3-4 Jahren von Paris wegziehen m\u00f6chte&#8220;<\/em>, analysiert Jeanne, Eventmanagerin.  <em>&#8222;Aber da ich in der Eventbranche arbeite, dachte ich immer, dass dies zwangsl\u00e4ufig einen Jobwechsel bedeuten w\u00fcrde. Doch w\u00e4hrend des Lockdowns waren wir gezwungen, unseren Job neu zu \u00fcberdenken, wir machen mehr Online-Events, ich erledige zunehmend strategische und immer weniger operative Aufgaben&#8230; und ich beginne zu denken, dass ich tats\u00e4chlich vollkommen in der Lage w\u00e4re, ein- oder zweimal im Monat nach Paris zu kommen und die restliche Zeit aus der Ferne zu arbeiten.&#8220;<\/em><\/p>\n\n<p>Laut Jean Viard w\u00e4re Jeanne nicht die Einzige in dieser Situation. Dem Soziologen zufolge verst\u00e4rkt dieses beispiellose Experiment der massenhaften Nutzung von Telearbeit schwache Signale, die, wenn sie auch schon vor der Krise vorhanden waren, nun auf dem Weg sind, unumg\u00e4nglich zu werden. Und darunter der Wunsch, au\u00dferhalb der St\u00e4dte zu leben:   <em>&#8222;Mehr als 60% der Pariser F\u00fchrungskr\u00e4fte tr\u00e4umen davon, in einer Kleinstadt oder auf dem Land zu leben, ein oder zwei Stunden von der Metropole entfernt. Diese Bewegung existiert schon seit einiger Zeit: Die Menschen verlassen die St\u00e4dte, Paris verliert durchschnittlich 10.000 Einwohner pro Jahr, und die l\u00e4ndliche Bev\u00f6lkerung w\u00e4chst schneller als die st\u00e4dtische. Aber jetzt erleben wir eine digitale Kluft. Sie war bereits in das Leben der Menschen eingedrungen, aber wir bewegen uns nun auf eine wahrhaft digitale Gesellschaft zu, in der wir in der Lage sein werden, Fernbesprechungen und \u00dcbertragungen abzuhalten, ohne reisen zu m\u00fcssen&#8230;&#8220;<\/em><\/p>\n\n<blockquote class=\"wp-block-quote is-layout-flow wp-block-quote-is-layout-flow\">\n<h3 class=\"wp-block-heading\">&#8222;Die Bewegung existiert schon seit einiger Zeit: Die Menschen verlassen die St\u00e4dte, Paris verliert durchschnittlich 10.000 Einwohner pro Jahr, und die l\u00e4ndliche Bev\u00f6lkerung w\u00e4chst schneller als die st\u00e4dtische.&#8220; Jean Viard, Soziologe <em><\/em><\/h3>\n<\/blockquote>\n\n<p>W\u00e4hrend viele Franzosen bereits davon tr\u00e4umten, mehr in Kontakt mit der Natur zu leben, macht diese auferlegte Telearbeitsperiode diese M\u00f6glichkeit immer konkreter. Laure, eine Printjournalistin, die derzeit in der Bretagne isoliert ist, projiziert sich zunehmend in dieses Modell:  <em>&#8222;Ich habe immer in Paris gelebt und bin an einem S\u00e4ttigungspunkt angelangt. Wenn ich meine Freunde sehe, die au\u00dferhalb der Metropolen leben, haben wir nicht die gleiche Lebensqualit\u00e4t. Durch die Isolierung konsumiere ich weniger und mir wird bewusst, dass ich es nicht vermisse&#8230; und ich denke, dass der Preis, den man f\u00fcr das Leben in einer Gro\u00dfstadt zahlt, vielleicht zu hoch ist im Vergleich zu den Vorteilen. Nach und nach wird einem klar, dass man zu weit von der Natur entfernt ist. Au\u00dferdem brauche ich von der Bretagne aus nur 2 Stunden und 15 Minuten, um nach Paris zu kommen: Lohnt es sich, die ganze Woche dort zu leben?&#8220;<\/em><\/p>\n\n<p>Und wenn man bedenkt, dass die positiven Auswirkungen der Natur auf Produktivit\u00e4t und Konzentration gut belegt sind, sollte dies auch Unternehmen zum Nachdenken anregen&#8230; die alles zu gewinnen haben, indem sie B\u00fcrofl\u00e4che einsparen.<\/p>\n\n<h2 class=\"wp-block-heading\"><strong>Ein Arbeitsplatz, der vielf\u00e4ltig wird<\/strong><\/h2>\n\n<figure class=\"wp-block-image aligncenter size-large is-resized\"><img decoding=\"async\" width=\"1024\" height=\"768\" src=\"https:\/\/www.jobsqd.com\/wp-content\/uploads\/2023\/07\/Online-meeting-1024x768.jpg\" alt=\"\" class=\"wp-image-10783\" style=\"width:512px;height:384px\" srcset=\"https:\/\/www.jobsqd.com\/wp-content\/uploads\/2023\/07\/Online-meeting-1024x768.jpg 1024w, https:\/\/www.jobsqd.com\/wp-content\/uploads\/2023\/07\/Online-meeting-300x225.jpg 300w, https:\/\/www.jobsqd.com\/wp-content\/uploads\/2023\/07\/Online-meeting-768x576.jpg 768w, https:\/\/www.jobsqd.com\/wp-content\/uploads\/2023\/07\/Online-meeting-1536x1152.jpg 1536w, https:\/\/www.jobsqd.com\/wp-content\/uploads\/2023\/07\/Online-meeting-2048x1536.jpg 2048w, https:\/\/www.jobsqd.com\/wp-content\/uploads\/2023\/07\/Online-meeting-1568x1176.jpg 1568w\" sizes=\"(max-width: 1024px) 100vw, 1024px\" \/><\/figure>\n\n<ul class=\"wp-block-list\">\n<li><em>Die notwendige Aufrechterhaltung der sozialen Bindung<\/em><\/li>\n<\/ul>\n\n<p>W\u00e4hrend das B\u00fcro als fester Arbeitsplatz immer weniger notwendig erscheint, ist die Heimarbeit nicht f\u00fcr jeden ein Allheilmittel. In der Tat ist f\u00fcr Aurore Flipo, eine Soziologin, die sich auf Fragen der Mobilit\u00e4t und sozialen Stratifizierung spezialisiert hat, die Heimarbeit bei weitem nicht selbstverst\u00e4ndlich, und die Unterscheidung zwischen beruflichem und privatem Raum bleibt wichtig: <em>&#8222;Ich bin nicht sicher, dass die Bedeutung des Arbeitsplatzes infolge dieser Krise verschwinden wird&#8220;<\/em>, <em>erkl\u00e4rt die Forscherin<\/em>. <em>&#8222;Aber ein gro\u00dfer Nachteil der Telearbeit ist das Fehlen oder fast vollst\u00e4ndige Fehlen sozialer Bindungen. Daher die Vermehrung von Coworking-Spaces, die die Grenze zwischen Privat- und Berufsleben neu definieren und es erm\u00f6glichen, soziale Bindungen aufrechtzuerhalten.&#8220;<\/em> Eine Vision, die Nathana\u00ebl Mathieu, Mitbegr\u00fcnder der N\u00e9o-nomade-Plattform, teilt. &#8222;<em>Die Heimarbeit mag sich entwickeln, aber Coworking-Spaces haben nach wie vor eine vielversprechende Zukunft vor sich, wenn auch nur, weil wir soziale Kontakte brauchen,&#8220;<\/em> best\u00e4tigt er in einem Interview mit dem Magazin Usbek &amp; Rica.    <em>&#8222;Wir werden unsere Arbeitsr\u00e4ume nicht \u00fcber Nacht aufgeben, es muss in einer Form des Gleichgewichts geschehen.&#8220;<\/em><\/p>\n\n<blockquote class=\"wp-block-quote is-layout-flow wp-block-quote-is-layout-flow\">\n<h3 class=\"wp-block-heading\"><strong>&#8222;Die Heimarbeit mag sich entwickeln, aber Coworking-Spaces haben nach wie vor eine vielversprechende Zukunft vor sich, wenn auch nur, weil wir soziale Kontakte brauchen&#8220; Nathana\u00ebl Mathieu, Mitbegr\u00fcnder der N\u00e9o-nomade-Plattform<\/strong><\/h3>\n<\/blockquote>\n\n<p><em>&#8222;Anstatt den h\u00e4uslichen Raum zu vereinnahmen, w\u00fcrde sich der Arbeitsplatz in einer fragmentierten Form neu erfinden, mit variablen R\u00e4umen, die vom Coworking-Space \u00fcber das Zuhause bis hin zum Caf\u00e9 an der Ecke reichen. R\u00e4umliche Distanz kann einen gewissen Abstand zu einem Thema verschaffen, hat aber auch ihre Grenzen,&#8220;<\/em> beobachtet Laure, die Journalistin. <em>&#8222;Die Erfahrung mit Telearbeit macht mir heutzutage weniger Angst, in dem Sinne, dass ich weniger Angst vor Isolation habe als zuvor. Aber was die Konzentration angeht, ist es manchmal kompliziert. Dein &#8218;Zuhause&#8216; wird zu deinem Arbeitsplatz. Es ist wichtig, abgetrennte Orte zu haben.&#8220;<\/em> Aurore Flipo stimmt zu: <em>&#8222;Im Allgemeinen wurde beobachtet, dass Telearbeiter dazu neigen, mehr und l\u00e4nger zu arbeiten als im B\u00fcro, und es f\u00e4llt einigen manchmal schwer, aufzuh\u00f6ren. Das Recht auf Abschaltung muss garantiert werden, um sicherzustellen, dass die Arbeit nicht in die Ruhezeit eingreift,&#8220;<\/em> erkl\u00e4rt sie. Um effektiv zu sein, muss Telearbeit in der Tat unter angemessenen Bedingungen durchgef\u00fchrt werden, die es erm\u00f6glichen, das Private und das Berufliche zu trennen, auch wenn man zu Hause ist. Dies ist nicht unbedingt offensichtlich f\u00fcr diejenigen, die Kinder zu betreuen haben, die in Wohngemeinschaften leben oder die einfach nicht genug Platz haben, um einen Arbeitsplatz einzurichten. Die beiden R\u00e4ume k\u00f6nnen dann vermischt werden, und die Konzentration, wie Laure anmerkt, wird beeintr\u00e4chtigt.    <\/p>\n\n<ul class=\"wp-block-list\">\n<li><em>Eine Emanzipation des Arbeitsplatzes, die ihre Grenzen hat<\/em><\/li>\n<\/ul>\n\n<p>Obwohl die Arbeit von zu Hause aus nicht so einfach ist, wie es scheint, wurde die Notwendigkeit, &#8222;ins B\u00fcro zu gehen&#8220;, angesichts der Krise dennoch in Frage gestellt. Aber wie steht es um die Berufe, die keine andere Wahl haben, als zur Arbeit zu gehen? Was sie betrifft, sollte laut Jean Viard der N\u00e4he Vorrang gegeben werden. <em>&#8222;Es scheint mir sehr m\u00f6glich, dass die Menschen nach der Krise denken k\u00f6nnten, es sei normal, der N\u00e4he zwischen Wohnung und Arbeit f\u00fcr Berufe, die die St\u00e4dte am Laufen halten und keine andere Wahl haben, als an einen bestimmten Arbeitsplatz zu gehen, Vorrang zu geben.&#8220;<\/em> Der Soziologe glaubt, dass diese Krise eine Gelegenheit sein k\u00f6nnte, die Sozialwohnungspolitik zu \u00fcberpr\u00fcfen und die Zuteilung von Sozialwohnungen nach der N\u00e4he zum Arbeitsplatz neu zu \u00fcberdenken. &#8222;<em>Die Sozialwohnungspolitik basierte immer auf dem Einkommen, nicht auf der Geografie,&#8220;<\/em> erkl\u00e4rt er.    <em>&#8222;Aber die Idee, dass die soziale Zuteilung zur r\u00e4umlichen Zuteilung wird, ist ein echtes Thema. Eine Krankenschwester, die jeden Tag ins Necker-Krankenhaus muss, sollte in der N\u00e4he eine Sozialwohnung zugewiesen bekommen.&#8220;<\/em><\/p>\n\n<p>Umgekehrt d\u00fcrfte die Figur des &#8222;digitalen Nomaden&#8220;, der keine Bindungen hat und mit dem &#8222;Computer unter dem Arm&#8220; durch die Welt streift, nach der Krise marginal bleiben. <em>&#8222;Es ist eine Minderheit, die erkennen wird, dass sie digitale Nomaden sein k\u00f6nnen,&#8220;<\/em> sagt Jean Viard. Dies betrifft Arbeitspl\u00e4tze, bei denen man seine Mitarbeiter gut kennen muss. Wenn man jemanden kennt, kann man sehr leicht per Skype etc. kommunizieren. Aber wenn man sie vorher noch nie getroffen hat, ist es komplizierter, weil man aus der Ferne nicht alle kulturellen Codes hat. Meiner Meinung nach wird dies nur kleine Bev\u00f6lkerungsgruppen betreffen, die beschlie\u00dfen werden, den Nomadismus weiter voranzutreiben. &#8222;Eine \u00dcberlegung, die die Arbeit der Soziologin Aurore Flipo widerspiegelt: <em>&#8222;Wir stellen fest, dass Telearbeit bei Angestellten eher beliebt ist, einige Tage pro Woche.&#8220;<\/em>      <\/p>\n\n<p>Eine k\u00fcrzlich durchgef\u00fchrte Umfrage der Immobilienberatungsgruppe Colliers International unter Angestellten in 25 L\u00e4ndern zeigt, dass 71% der Befragten, die vor der Krise noch nie im Homeoffice gearbeitet hatten, nun gerne einen Tag pro Woche von zu Hause aus arbeiten w\u00fcrden.<\/p>\n\n<ul class=\"wp-block-list\">\n<li><em>Eine illusorische R\u00fcckkehr zur Normalit\u00e4t<\/em><\/li>\n<\/ul>\n\n<p>Sollten zwei Monate der Isolation nicht ausreichen, um die tats\u00e4chliche Entstehung neuer Formen nachhaltiger beruflicher Mobilit\u00e4t zu beobachten, erscheint eine <em>&#8222;R\u00fcckkehr zur Normalit\u00e4t&#8220;<\/em>, bei der die Mehrheit der Arbeitnehmer t\u00e4glich an einen festen Arbeitsplatz geht, schwer zu verfolgen. Die Herausforderung wird dann darin bestehen, neue, gesunde und nachhaltige Formen der Telearbeit zu konzipieren. <em>&#8222;Bislang haben Unternehmen und \u00f6ffentliche Arbeitgeber haupts\u00e4chlich dringlich auf Telearbeit reagiert, doch die Aufhebung der Lockdownma\u00dfnahmen wird auch den Beginn einer l\u00e4ngerfristigen Reflexion \u00fcber eine Organisation darstellen, die Telearbeit beg\u00fcnstigt&#8220;<\/em>, meint Aurore Flipo  <em>. &#8222;Dies k\u00f6nnte in der Tat f\u00fcr l\u00e4ngere Zeit notwendig sein, gem\u00e4\u00df j\u00fcngsten \u00c4u\u00dferungen der Regierung, die darauf hinwies, dass Telearbeit nach der Krise bevorzugt werden sollte. Es wird daher unvermeidlich sein, dass die in Unternehmen ad hoc getroffenen Ma\u00dfnahmen durch echte Strategien ersetzt werden m\u00fcssen,&#8220; <\/em> erkl\u00e4rt die Forscherin.<\/p>\n\n<p>Langfristige Strategien, die unweigerlich dazu f\u00fchren werden, dass Arbeitnehmer ihre Fortbewegungsweisen \u00fcberdenken, indem sie Reisezeiten verk\u00fcrzen und eine Mobilit\u00e4t f\u00f6rdern, die besser mit ihren neuen Lebensstilen in Einklang steht.<\/p>\n\n<ul class=\"wp-block-list\">\n<li><em>Eine Krise, die das \u00f6kologische Bewusstsein wecken wird<\/em><\/li>\n<\/ul>\n\n<p><em>&#8222;Es werden neue Erwartungen entstehen: Die Menschen werden Angst vor \u00f6ffentlichen Verkehrsmitteln haben, sodass wir vermehrt Fahrr\u00e4der, Fu\u00dfwege und Autos nutzen werden,&#8220;<\/em> prognostiziert Jean Viard. Laut dem Soziologen wird die Neugestaltung der Zeit durch die F\u00f6rderung von Telearbeit es dann erm\u00f6glichen, den Raum neu zu \u00fcberdenken: Sanfte Mobilit\u00e4t wird gef\u00f6rdert, Fahrradwege und Gehsteige werden verbreitert, Auto-Fahrrad-Relais am Stadtrand werden es denjenigen, die von weiter her kommen, erm\u00f6glichen, die letzten Kilometer mit dem Fahrrad zur\u00fcckzulegen&#8230; Eine Reduzierung der Fahrten, die einen umweltfreundlicheren wirtschaftlichen Aufschwung beg\u00fcnstigen w\u00fcrde, eine weitere gro\u00dfe Sorge dieser Krise. <\/p>\n\n<blockquote class=\"wp-block-quote is-layout-flow wp-block-quote-is-layout-flow\">\n<pre class=\"wp-block-preformatted\"><strong>\"Es wird neue Erwartungen geben: Die Menschen werden Angst vor \u00f6ffentlichen Verkehrsmitteln haben, also werden wir mehr Fahrr\u00e4der, Fu\u00dfg\u00e4nger und Autos nutzen,\" sagt Jean Viard.<\/strong><\/pre>\n<\/blockquote>\n\n<p>Denn dies ist auch eine der gro\u00dfen Lehren aus dieser Zeit der Coronapolitik: \u00dcberall sinken die Verschmutzungsraten, Tiere kehren in Gebiete zur\u00fcck, die sie verlassen hatten&#8230; und die Menschen werden sich t\u00e4glich mehr ihres Einflusses auf die Natur bewusst. <em>&#8222;Mit dem Aufkommen der Isolierung ver\u00e4ndert sich unsere Beziehung zur Natur,&#8220;<\/em> erkl\u00e4rt der Naturalist Gr\u00e9goire Lo\u00efs in einem k\u00fcrzlich gef\u00fchrten Interview auf Enlarge Your Paris. <\/p>\n\n<p>Diese langen Tage, frei von Fahrtzeiten und sozialen Interaktionen, f\u00f6rdern den Drang mal in sich selbst hineinzuschauen . Aber drau\u00dfen ist Fr\u00fchling, mit anderen Worten, der Ansturm der Fortpflanzung in Form von Samen, Larven, Eiern&#8230; Ein permanentes Schauspiel! Unter normalen Umst\u00e4nden ist es schwierig, dem Aufmerksamkeit zu schenken. &#8222;<em>Diese beispiellose Situation f\u00fchrt zu einer St\u00e4rkung der Bande, die uns mit der Wildnis verbinden, welche in unseren Gesellschaften besonders angespannt sind,&#8220;<\/em> f\u00fcgt er hinzu. Ein weiteres Argument f\u00fcr die Beschleunigung der Abwanderung von Stadtbewohnern aufs Land, die Aufwertung von Telearbeit und die Neugestaltung unserer Fortbewegungsarten? Die Zeit wird es zeigen.  <\/p>\n\n<p>Hast du dar\u00fcber nachgedacht, ins Ausland zu ziehen? Dann durchst\u00f6bere gerne unsere <a href=\"https:\/\/www.jobsqd.com\/de\/jobangebote-im-ausland\/\">Stellenangebote im Ausland<\/a>, um zu sehen, ob es einen Job gibt, der deinen Bed\u00fcrfnissen entspricht! <\/p>\n","protected":false},"excerpt":{"rendered":"<p>W\u00e4hrend f\u00fcr manche die Einschr\u00e4nkungen und Isolation eine misslungene Neuauflage von Und t\u00e4glich gr\u00fc\u00dft das Murmeltier darstellt, empfanden andere diese&#8230;<\/p>\n","protected":false},"author":3,"featured_media":15792,"comment_status":"closed","ping_status":"open","sticky":false,"template":"","format":"standard","meta":{"footnotes":""},"categories":[403],"tags":[],"class_list":["post-58354","post","type-post","status-publish","format-standard","has-post-thumbnail","hentry","category-reisen-oder-auswandern"],"_links":{"self":[{"href":"https:\/\/www.jobsqd.com\/de\/wp-json\/wp\/v2\/posts\/58354","targetHints":{"allow":["GET"]}}],"collection":[{"href":"https:\/\/www.jobsqd.com\/de\/wp-json\/wp\/v2\/posts"}],"about":[{"href":"https:\/\/www.jobsqd.com\/de\/wp-json\/wp\/v2\/types\/post"}],"author":[{"embeddable":true,"href":"https:\/\/www.jobsqd.com\/de\/wp-json\/wp\/v2\/users\/3"}],"replies":[{"embeddable":true,"href":"https:\/\/www.jobsqd.com\/de\/wp-json\/wp\/v2\/comments?post=58354"}],"version-history":[{"count":0,"href":"https:\/\/www.jobsqd.com\/de\/wp-json\/wp\/v2\/posts\/58354\/revisions"}],"wp:featuredmedia":[{"embeddable":true,"href":"https:\/\/www.jobsqd.com\/de\/wp-json\/wp\/v2\/media\/15792"}],"wp:attachment":[{"href":"https:\/\/www.jobsqd.com\/de\/wp-json\/wp\/v2\/media?parent=58354"}],"wp:term":[{"taxonomy":"category","embeddable":true,"href":"https:\/\/www.jobsqd.com\/de\/wp-json\/wp\/v2\/categories?post=58354"},{"taxonomy":"post_tag","embeddable":true,"href":"https:\/\/www.jobsqd.com\/de\/wp-json\/wp\/v2\/tags?post=58354"}],"curies":[{"name":"wp","href":"https:\/\/api.w.org\/{rel}","templated":true}]}}