{"id":58222,"date":"2023-06-07T08:24:26","date_gmt":"2023-06-07T06:24:26","guid":{"rendered":"https:\/\/www.jobsqd.com\/kandidatengeschichte-camilla-aus-danemark-jetzt-in-malta\/"},"modified":"2025-03-13T23:55:21","modified_gmt":"2025-03-13T22:55:21","slug":"kandidatengeschichte-camilla-aus-danemark-jetzt-in-malta","status":"publish","type":"post","link":"https:\/\/www.jobsqd.com\/de\/kandidatengeschichte-camilla-aus-danemark-jetzt-in-malta\/","title":{"rendered":"Kandidatengeschichte: Camilla aus D\u00e4nemark, jetzt in Malta"},"content":{"rendered":"\n<figure class=\"wp-block-image aligncenter size-full is-resized\"><img decoding=\"async\" src=\"https:\/\/www.jobsqd.com\/wp-content\/uploads\/2023\/06\/image-9.png\" alt=\"\" class=\"wp-image-3407\" width=\"150\" srcset=\"https:\/\/www.jobsqd.com\/wp-content\/uploads\/2023\/06\/image-9.png 481w, https:\/\/www.jobsqd.com\/wp-content\/uploads\/2023\/06\/image-9-300x263.png 300w\" sizes=\"(max-width: 481px) 100vw, 481px\" \/><\/figure>\n\n<div class=\"wp-block-group is-layout-constrained wp-block-group-is-layout-constrained\">\n<div class=\"wp-block-group is-layout-constrained wp-block-group-is-layout-constrained\">\n<p>Mein Traum war es stets, hinauszugehen und die Welt zu erkunden. Mit Menschen aus aller Welt zu interagieren, mich unabh\u00e4ngig und frei zu f\u00fchlen. Allerdings hatte ich als bescheidene, skeptische D\u00e4nin auch das Gef\u00fchl, mein Land nicht verlassen zu k\u00f6nnen.  <\/p>\n\n\n\n<p>Ich dachte, ich w\u00e4re zu alt. Viele meiner Freunde waren entweder schwanger oder begannen ihre Traumausbildung. Darauf war ich \u00fcberhaupt nicht vorbereitet! Mit 23 Jahren verf\u00fcgte ich nicht \u00fcber viele finanzielle Mittel. Ich hatte keine Ersparnisse von meinen Eltern, und mein Alltag erforderte stets, dass ich f\u00fcr meinen eigenen Unterhalt sorgte. Ich befand mich in einer ungesunden Beziehung, die mich an mir selbst zweifeln lie\u00df. Kurz gesagt, ich war im Begriff, meinen Traum und mich selbst aus inakzeptablen Gr\u00fcnden aufzugeben, als diese Gelegenheit auf meinem Facebook-Profil erschien.       <\/p>\n\n\n\n<p>Im April 2018 wurde mir eine Stelle als d\u00e4nischsprachige Online-Spielemoderatorin angeboten. Linda, meine Recruiterin, begleitete mich durch die verschiedenen Phasen und organisierte alles gemeinsam mit mir. R\u00fcckblickend habe ich das Gef\u00fchl, ihr nicht genug gedankt zu haben. Es war schwierig, dar\u00fcber nachzudenken, den Arbeitsplatz zu verlassen, an dem ich fast vier Jahre t\u00e4tig gewesen war. Die Freunde, aber besonders meine Schwester, meinen Bruder und meine beste Freundin, die schwanger war, zu verlassen. Immer wieder rieten sie mir, nicht an sie zu denken, sondern meinen Traum zu verwirklichen, ungeachtet dessen, wie weit entfernt ich sein w\u00fcrde.     <\/p>\n\n\n\n<p>Ich habe in den neun Monaten, die ich nun hier bin, so viel gelernt! Ich habe meine eigene Wohnung gefunden, Entscheidungen getroffen, von denen ich nie gedacht h\u00e4tte, dass ich dazu in der Lage w\u00e4re, und bin pers\u00f6nlich gewachsen. <\/p>\n\n\n\n<p>Ein Neuanfang mit liebevollen Menschen, die ihre eigenen beeindruckenden Geschichten haben und die Empathie und Verst\u00e4ndnis mitbringen, von dem man sehr erf\u00fcllt wird.<\/p>\n\n\n\n<p>Die beste Erinnerung an die Arbeit war definitiv, dass ich relativ schnell ausgew\u00e4hlt wurde, um mit meinen Vorgesetzten und dem Projektleiter auf eine Gesch\u00e4ftsreise nach Kopenhagen und Riga zu gehen. Das war wirklich beeindruckend! Und die sch\u00f6nste Erinnerung insgesamt? Das ist gar nicht so leicht zu sagen&#8230; Vielleicht der Ausblick aus meiner ersten Wohnung im siebten Stock. Der Sonnenaufgang \u00fcber dem Mittelmeer und das Rauschen der Wellen&#8230; Ich wollte dieses Gef\u00fchl einfach nicht mehr loslassen. Oder die vielen Sonnenbr\u00e4unungen, die ich beim Tageseinsatz an den Klippen bekommen habe? Abends mit neuen Freunden oder Kollegen auszugehen, wodurch man sich wieder wie mit 14 f\u00fchlt? Von jemandem geliebt zu werden und selbst jemanden zu lieben, der die gleichen Tr\u00e4ume und Visionen teilt? Alle zwei Monate auf Reisen zu gehen? Oder an den maltesischen Festen teilzunehmen, mit den unglaublichsten Feuerwerken, die fast wie ein Jahrestag bei Disneyland wirkten?           <\/p>\n\n\n\n<p>Die Momente, die wirklich z\u00e4hlen &#8211; diejenigen, die man nie vergisst&#8230; das sind die, in denen man wahrhaftig in seinem Herzen die Freude sp\u00fcren kann. Also vielen Dank an euch! <\/p>\n<\/div>\n<\/div>\n","protected":false},"excerpt":{"rendered":"<p>Mein Traum war es stets, hinauszugehen und die Welt zu erkunden. Mit Menschen aus aller Welt zu interagieren, mich unabh\u00e4ngig&#8230;<\/p>\n","protected":false},"author":3,"featured_media":21948,"comment_status":"closed","ping_status":"closed","sticky":false,"template":"","format":"standard","meta":{"footnotes":""},"categories":[541],"tags":[],"class_list":["post-58222","post","type-post","status-publish","format-standard","has-post-thumbnail","hentry","category-personliche-erfahrungen"],"_links":{"self":[{"href":"https:\/\/www.jobsqd.com\/de\/wp-json\/wp\/v2\/posts\/58222","targetHints":{"allow":["GET"]}}],"collection":[{"href":"https:\/\/www.jobsqd.com\/de\/wp-json\/wp\/v2\/posts"}],"about":[{"href":"https:\/\/www.jobsqd.com\/de\/wp-json\/wp\/v2\/types\/post"}],"author":[{"embeddable":true,"href":"https:\/\/www.jobsqd.com\/de\/wp-json\/wp\/v2\/users\/3"}],"replies":[{"embeddable":true,"href":"https:\/\/www.jobsqd.com\/de\/wp-json\/wp\/v2\/comments?post=58222"}],"version-history":[{"count":0,"href":"https:\/\/www.jobsqd.com\/de\/wp-json\/wp\/v2\/posts\/58222\/revisions"}],"wp:featuredmedia":[{"embeddable":true,"href":"https:\/\/www.jobsqd.com\/de\/wp-json\/wp\/v2\/media\/21948"}],"wp:attachment":[{"href":"https:\/\/www.jobsqd.com\/de\/wp-json\/wp\/v2\/media?parent=58222"}],"wp:term":[{"taxonomy":"category","embeddable":true,"href":"https:\/\/www.jobsqd.com\/de\/wp-json\/wp\/v2\/categories?post=58222"},{"taxonomy":"post_tag","embeddable":true,"href":"https:\/\/www.jobsqd.com\/de\/wp-json\/wp\/v2\/tags?post=58222"}],"curies":[{"name":"wp","href":"https:\/\/api.w.org\/{rel}","templated":true}]}}